{"id":9396,"date":"2023-06-13T14:41:20","date_gmt":"2023-06-13T12:41:20","guid":{"rendered":"https:\/\/www.antegma.com\/blog\/2023\/06\/13\/meine-erfahrung-beim-adobe-summit-emea-2023-ein-einblick-in-wichtige-innovationen-und-nachhaltigkeit\/"},"modified":"2024-05-02T11:51:10","modified_gmt":"2024-05-02T09:51:10","slug":"meine-erfahrung-beim-adobe-summit-emea-2023-ein-einblick-in-wichtige-innovationen-und-nachhaltigkeit","status":"publish","type":"post","link":"https:\/\/www.antegma.com\/de\/blog\/2023\/06\/13\/meine-erfahrung-beim-adobe-summit-emea-2023-ein-einblick-in-wichtige-innovationen-und-nachhaltigkeit\/","title":{"rendered":"Meine Erfahrung beim Adobe Summit EMEA 2023: Ein Einblick in wichtige Innovationen und Nachhaltigkeit"},"content":{"rendered":"\t\t<div data-elementor-type=\"wp-post\" data-elementor-id=\"9396\" class=\"elementor elementor-9396\" data-elementor-post-type=\"post\">\n\t\t\t\t\t\t<section class=\"elementor-section elementor-top-section elementor-element elementor-element-2cbddf1b elementor-section-boxed elementor-section-height-default elementor-section-height-default\" data-id=\"2cbddf1b\" data-element_type=\"section\" data-e-type=\"section\">\n\t\t\t\t\t\t<div class=\"elementor-container elementor-column-gap-default\">\n\t\t\t\t\t<div class=\"elementor-column elementor-col-100 elementor-top-column elementor-element elementor-element-7235b23d\" data-id=\"7235b23d\" data-element_type=\"column\" data-e-type=\"column\">\n\t\t\t<div class=\"elementor-widget-wrap elementor-element-populated\">\n\t\t\t\t\t\t<div class=\"elementor-element elementor-element-6dd12b2c elementor-widget elementor-widget-text-editor\" data-id=\"6dd12b2c\" data-element_type=\"widget\" data-e-type=\"widget\" data-widget_type=\"text-editor.default\">\n\t\t\t\t\t\t\t\t\t\n<h2 class=\"wp-block-heading has-medium-font-size\">Ein spannender Start<\/h2>\n\n\n\n<p>Als ich den Adobe Summit EMEA 2023 betrat, lag Innovation und Aufregung in der Luft. Es war ein bemerkenswerter Start in den Tag, als Adobe eine Reihe neuer L\u00f6sungen ank\u00fcndigte, die Adobe Experience Cloud und Creative Cloud effektiv verbinden und neue M\u00f6glichkeiten in der digitalen Marketing-Landschaft schaffen werden.<\/p>\n\n\n\n<p>Eines der herausragenden Highlights war die Integration KI in die Kreativ- und Unternehmensanwendungen von Adobe Im Rahmen dessen gab Adobe auch Pl\u00e4ne bekannt, die Adobe Content Supply Chain-L\u00f6sung auf Europa auszudehnen und Unternehmen ein robustes Tool zur Verf\u00fcgung zu stellen, um anspruchsvollen Content-Anforderungen gerecht zu werden und wirkungsvolle Kundenerlebnisse zu bieten.<\/p>\n\n\n\n<h2 class=\"wp-block-heading has-medium-font-size\">Der Erfolg der Adobe Experience Cloud<\/h2>\n\n\n\n<p>Beachtenswert: Beeindruckende 87 % der Fortune-100-Unternehmen nutzen mittlerweile Adobe Experience Cloud. Noch besser: Die L\u00f6sung wird in immer mehr Branchen, darunter im Gesundheitswesen und im Finanzdienstleistungsbereich, eingesetzt. Denn: Mit der Adobe Experience Cloud k\u00f6nnen Marken, ihr Wachstum durch optimierte und au\u00dfergew\u00f6hnliche Kundenerlebnisse vorantreiben. \u00dcber 12.000 Kunden weltweit vertrauen auf die robuste Plattform, darunter europ\u00e4ische Spitzenmarken wie Adidas, Hugo Boss und Volkswagen, um nur einige zu nennen.<\/p>\n\n\n\n<h2 class=\"wp-block-heading has-medium-font-size\">Die steigende Nachfrage nach Inhalten<\/h2>\n\n\n\n<p>Die Untersuchungen von Adobe zeigen einen erheblichen Anstieg der Content-Nachfrage: 88 % der Marketing- und CX-F\u00fchrungskr\u00e4fte geben an, dass sich die Content-Nachfrage in den letzten zwei Jahren mindestens verdoppelt hat. Um dieser steigenden Nachfrage gerecht zu werden, bringt Adobe seine Content-Supply-Chain-L\u00f6sung nach Europa und versetzt Marken in die Lage, die Geschwindigkeit der Content-Entwicklung zu steigern und gleichzeitig eine Transparenz und Kontrolle \u00fcber Abl\u00e4ufe und Kosten zu bieten.<\/p>\n\n\n\n<h2 class=\"wp-block-heading has-medium-font-size\">Die Magie von Adobe Firefly<\/h2>\n\n\n\n<p>Adobe Firefly hat mich \u00fcberrascht. Diese Suite kreativer KI-Modelle generiert kommerziell nutzbare Inhalte in professioneller und atemberaubender Qualit\u00e4t. Adobes Plan ist es, Unternehmen in die Lage zu versetzen, Firefly individuell mit ihren eigenen Marken-Assets zu trainieren und so Inhalte in einem einzigartigen Stil und einer einzigartigen Markensprache zu generieren. F\u00fcr mich war das ein Wendepunkt, da jeder in einer Organisation damit herausragende Inhalte schnell und einfach erstellen, bearbeiten und teilen kann.<\/p>\n\n\n\n<h2 class=\"wp-block-heading has-medium-font-size\">Vorgestellte Produktinnovationen<\/h2>\n\n\n\n<p>Adobe stellte eine Reihe von Produktinnovationen vor, die den Prozess der Inhaltserstellung deutlich verbessern. Adobe Express mit Firefly beispielsweise, integriert die beliebte All-in-One-App zur Inhaltserstellung mit den herausragenden KI-Technologien von Firefly. Dies erm\u00f6glicht es Marketing-Mitarbeitern aller Erfahrungsstufen, aus nur einer Beschreibung einzigartige Bilder und Texteffekte zu generieren und so die Qualit\u00e4t und Wirkung ihrer digitalen Inhalte zu verbessern.<\/p>\n\n\n\n<h2 class=\"wp-block-heading has-medium-font-size\">Adobes Engagement f\u00fcr Nachhaltigkeit<\/h2>\n\n\n\n<p>Ein bemerkenswerter Teil des Gipfels war Adobes Engagement f\u00fcr Nachhaltigkeit. Sie k\u00fcndigten an, dass bis 2025 100 % ihres betrieblichen Strombedarfs mit erneuerbarem Strom gedeckt werden sollen \u2013 ein Jahrzehnt vor ihrem urspr\u00fcnglichen Ziel. Auch ihr Engagement, das Null Emissionen Ziel bis 2050 zu erreichen, fand gro\u00dfen Anklang bei mir und spiegelt Adobes Engagement f\u00fcr eine nachhaltige Zukunft wider.<\/p>\n\n\n\n<h2 class=\"wp-block-heading has-medium-font-size\">Die Zukunft der Adobe-L\u00f6sungen<\/h2>\n\n\n\n<p>Eine interessante Neuerung ist, dass Adobe Express f\u00fcr Unternehmen jetzt verf\u00fcgbar ist und Adobe Firefly f\u00fcr Unternehmen in der zweiten H\u00e4lfte des Jahres 2023 auf den Markt kommen soll. Dies ist ein bedeutender Meilenstein f\u00fcr Adobe und Nutzern Damit versetzt Adobe deren Kunden sehr schnell in die Lage, die Leistungsf\u00e4higkeit der KI effizient zu nutzen, Innovationen umzusetzen und Wettbewerbsvorteile zu schaffen.<\/p>\n\n\n\n<h2 class=\"wp-block-heading has-medium-font-size\">Ein paar Gedanken zum Schluss<\/h2>\n\n\n\n<p>Durch die Teilnahme am Adobe Summit EMEA 2023 konnte ich aus erster Hand erfahren, wie stark der Einfluss von Adobe auf die digitale Welt hat. Die auf dem Gipfel vorgestellten Innovationen sowie das Engagement von Adobe f\u00fcr Nachhaltigkeit unterstrichen deutlich die f\u00fchrende Rolle von Adobe in der digitalen Wirtschaft.<\/p>\n\n\n\n<p>Da sich die digitale Landschaft weiterhin rasant weiterentwickelt, m\u00fcssen Unternehmen an der Spitze bleiben, indem sie diese Fortschritte nutzen. Basierend auf meiner Erfahrung beim Adobe Summit EMEA:<\/p>\n\n\n\n<p>2023 bin ich fest davon \u00fcberzeugt, dass die innovativen L\u00f6sungen von Adobe gut aufgestellt sind, um Unternehmen bei der Bew\u00e4ltigung dieser Herausforderung zu unterst\u00fctzen und ein nachhaltiges, erlebnisorientiertes Wachstum voranzutreiben.<\/p>\n\n\n\n<h3 class=\"wp-block-heading has-medium-font-size\">Der Adobe Summit EMEA 2023: Ein entscheidender Moment<\/h3>\n\n\n\n<p>Als ich durch die verschiedenen Sitzungen des Gipfels navigierte und mit meinen Kollegen interagierte, wurde mir erst richtig bewusst, dass Adobe bedeutende Ver\u00e4nderungen in der digitalen Welt vorantreibt. Diese Veranstaltung war ein entscheidender Moment und markierte die Vorstellung innovativer Tools und L\u00f6sungen wie k\u00fcnstliche Intelligenz, die versprechen, die Art und Weise, wie Unternehmen in der digitalen Welt agieren, ma\u00dfgeblich zu beeinflussen.<\/p>\n\n\n\n<p>Es ist klar dass das Engagement von Adobe f\u00fcr Innovation, Kundenerlebnis und Nachhaltigkeit die Zukunft der digitalen Wirtschaft pr\u00e4gen wird. Wenn Sie sich \u00fcber die Keynotes informieren oder die Sitzungen erkunden m\u00f6chten, empfehle ich Ihnen dringend, die Summit EMEA-Webseite zu besuchen.<\/p>\n\n\n\n<p>Dieser Gipfel war mehr als nur eine Veranstaltung \u2013 er war ein Beweis f\u00fcr Adobes Vision, die Welt durch digitale Erlebnisse zu ver\u00e4ndern. Und wenn ich \u00fcber meine Erfahrungen nachdenke, bin ich gespannter denn je darauf, was die Zukunft f\u00fcr Adobe und die digitale Welt bereith\u00e4lt.<\/p>\n\t\t\t\t\t\t\t\t<\/div>\n\t\t\t\t\t<\/div>\n\t\t<\/div>\n\t\t\t\t\t<\/div>\n\t\t<\/section>\n\t\t\t\t<\/div>\n\t\t","protected":false},"excerpt":{"rendered":"<p>Ein spannender Start Als ich den Adobe Summit EMEA 2023 betrat, lag Innovation und Aufregung in der Luft. Es war ein bemerkenswerter Start in den Tag, als Adobe eine Reihe neuer L\u00f6sungen ank\u00fcndigte, die Adobe Experience Cloud und Creative Cloud effektiv verbinden und neue M\u00f6glichkeiten in der digitalen Marketing-Landschaft schaffen werden. Eines der herausragenden Highlights [&hellip;]<\/p>\n","protected":false},"author":2,"featured_media":9388,"comment_status":"open","ping_status":"open","sticky":false,"template":"","format":"standard","meta":{"footnotes":""},"categories":[67,1],"tags":[],"class_list":["post-9396","post","type-post","status-publish","format-standard","has-post-thumbnail","hentry","category-conference","category-uncategorized"],"yoast_head":"<!-- This site is optimized with the Yoast SEO Premium plugin v27.4 (Yoast SEO v27.4) - https:\/\/yoast.com\/product\/yoast-seo-premium-wordpress\/ -->\n<title>Meine Erfahrung beim Adobe Summit EMEA 2023: Ein Einblick in wichtige Innovationen und Nachhaltigkeit | antegma<\/title>\n<meta name=\"description\" content=\"Erleben Sie den Adobe Summit EMEA 2023 mit meinen Augen! Entdecken Sie die Innovationen von Adobe und erfahren Sie, wie sie die digitale Landschaft pr\u00e4gen.\" \/>\n<meta name=\"robots\" content=\"index, follow, max-snippet:-1, max-image-preview:large, max-video-preview:-1\" \/>\n<link rel=\"canonical\" href=\"https:\/\/www.antegma.com\/de\/blog\/2023\/06\/13\/meine-erfahrung-beim-adobe-summit-emea-2023-ein-einblick-in-wichtige-innovationen-und-nachhaltigkeit\/\" \/>\n<meta property=\"og:locale\" content=\"de_DE\" \/>\n<meta property=\"og:type\" content=\"article\" \/>\n<meta property=\"og:title\" content=\"Meine Erfahrung beim Adobe Summit EMEA 2023: Ein Einblick in wichtige Innovationen und Nachhaltigkeit\" \/>\n<meta property=\"og:description\" content=\"Ein spannender Start Als ich den Adobe Summit EMEA 2023 betrat, lag Innovation und Aufregung in der Luft. Es war ein bemerkenswerter Start in den Tag, als\" \/>\n<meta property=\"og:url\" content=\"https:\/\/www.antegma.com\/de\/blog\/2023\/06\/13\/meine-erfahrung-beim-adobe-summit-emea-2023-ein-einblick-in-wichtige-innovationen-und-nachhaltigkeit\/\" \/>\n<meta property=\"og:site_name\" content=\"antegma\" \/>\n<meta property=\"article:publisher\" content=\"https:\/\/www.facebook.com\/antegma\" \/>\n<meta property=\"article:published_time\" content=\"2023-06-13T12:41:20+00:00\" \/>\n<meta property=\"article:modified_time\" content=\"2024-05-02T09:51:10+00:00\" \/>\n<meta property=\"og:image\" content=\"https:\/\/www.antegma.com\/wp-content\/uploads\/2023\/06\/MicrosoftTeams-image-4-scaled.jpg\" \/>\n\t<meta property=\"og:image:width\" content=\"2560\" \/>\n\t<meta property=\"og:image:height\" content=\"1920\" \/>\n\t<meta property=\"og:image:type\" content=\"image\/jpeg\" \/>\n<meta name=\"author\" content=\"Patrick Heinzelmann\" \/>\n<meta name=\"twitter:card\" content=\"summary_large_image\" \/>\n<meta name=\"twitter:creator\" content=\"@antegma\" \/>\n<meta name=\"twitter:site\" content=\"@antegma\" \/>\n<meta name=\"twitter:label1\" content=\"Verfasst von\" \/>\n\t<meta name=\"twitter:data1\" content=\"Patrick Heinzelmann\" \/>\n\t<meta name=\"twitter:label2\" content=\"Gesch\u00e4tzte Lesezeit\" \/>\n\t<meta name=\"twitter:data2\" content=\"4\u00a0Minuten\" \/>\n<script type=\"application\/ld+json\" class=\"yoast-schema-graph\">{\"@context\":\"https:\\\/\\\/schema.org\",\"@graph\":[{\"@type\":\"Article\",\"@id\":\"https:\\\/\\\/www.antegma.com\\\/de\\\/blog\\\/2023\\\/06\\\/13\\\/meine-erfahrung-beim-adobe-summit-emea-2023-ein-einblick-in-wichtige-innovationen-und-nachhaltigkeit\\\/#article\",\"isPartOf\":{\"@id\":\"https:\\\/\\\/www.antegma.com\\\/de\\\/blog\\\/2023\\\/06\\\/13\\\/meine-erfahrung-beim-adobe-summit-emea-2023-ein-einblick-in-wichtige-innovationen-und-nachhaltigkeit\\\/\"},\"author\":{\"name\":\"Patrick Heinzelmann\",\"@id\":\"https:\\\/\\\/www.antegma.com\\\/de\\\/#\\\/schema\\\/person\\\/32cb71bfe44fa9e5825f176549377516\"},\"headline\":\"Meine Erfahrung beim Adobe Summit EMEA 2023: Ein Einblick in wichtige Innovationen und Nachhaltigkeit\",\"datePublished\":\"2023-06-13T12:41:20+00:00\",\"dateModified\":\"2024-05-02T09:51:10+00:00\",\"mainEntityOfPage\":{\"@id\":\"https:\\\/\\\/www.antegma.com\\\/de\\\/blog\\\/2023\\\/06\\\/13\\\/meine-erfahrung-beim-adobe-summit-emea-2023-ein-einblick-in-wichtige-innovationen-und-nachhaltigkeit\\\/\"},\"wordCount\":824,\"commentCount\":0,\"publisher\":{\"@id\":\"https:\\\/\\\/www.antegma.com\\\/de\\\/#organization\"},\"image\":{\"@id\":\"https:\\\/\\\/www.antegma.com\\\/de\\\/blog\\\/2023\\\/06\\\/13\\\/meine-erfahrung-beim-adobe-summit-emea-2023-ein-einblick-in-wichtige-innovationen-und-nachhaltigkeit\\\/#primaryimage\"},\"thumbnailUrl\":\"https:\\\/\\\/www.antegma.com\\\/wp-content\\\/uploads\\\/2023\\\/06\\\/MicrosoftTeams-image-4-scaled.jpg\",\"articleSection\":[\"Conference\",\"Uncategorized\"],\"inLanguage\":\"de\",\"potentialAction\":[{\"@type\":\"CommentAction\",\"name\":\"Comment\",\"target\":[\"https:\\\/\\\/www.antegma.com\\\/de\\\/blog\\\/2023\\\/06\\\/13\\\/meine-erfahrung-beim-adobe-summit-emea-2023-ein-einblick-in-wichtige-innovationen-und-nachhaltigkeit\\\/#respond\"]}]},{\"@type\":\"WebPage\",\"@id\":\"https:\\\/\\\/www.antegma.com\\\/de\\\/blog\\\/2023\\\/06\\\/13\\\/meine-erfahrung-beim-adobe-summit-emea-2023-ein-einblick-in-wichtige-innovationen-und-nachhaltigkeit\\\/\",\"url\":\"https:\\\/\\\/www.antegma.com\\\/de\\\/blog\\\/2023\\\/06\\\/13\\\/meine-erfahrung-beim-adobe-summit-emea-2023-ein-einblick-in-wichtige-innovationen-und-nachhaltigkeit\\\/\",\"name\":\"Meine Erfahrung beim Adobe Summit EMEA 2023: Ein Einblick in wichtige Innovationen und Nachhaltigkeit | antegma\",\"isPartOf\":{\"@id\":\"https:\\\/\\\/www.antegma.com\\\/de\\\/#website\"},\"primaryImageOfPage\":{\"@id\":\"https:\\\/\\\/www.antegma.com\\\/de\\\/blog\\\/2023\\\/06\\\/13\\\/meine-erfahrung-beim-adobe-summit-emea-2023-ein-einblick-in-wichtige-innovationen-und-nachhaltigkeit\\\/#primaryimage\"},\"image\":{\"@id\":\"https:\\\/\\\/www.antegma.com\\\/de\\\/blog\\\/2023\\\/06\\\/13\\\/meine-erfahrung-beim-adobe-summit-emea-2023-ein-einblick-in-wichtige-innovationen-und-nachhaltigkeit\\\/#primaryimage\"},\"thumbnailUrl\":\"https:\\\/\\\/www.antegma.com\\\/wp-content\\\/uploads\\\/2023\\\/06\\\/MicrosoftTeams-image-4-scaled.jpg\",\"datePublished\":\"2023-06-13T12:41:20+00:00\",\"dateModified\":\"2024-05-02T09:51:10+00:00\",\"description\":\"Erleben Sie den Adobe Summit EMEA 2023 mit meinen Augen! Entdecken Sie die Innovationen von Adobe und erfahren Sie, wie sie die digitale Landschaft pr\u00e4gen.\",\"breadcrumb\":{\"@id\":\"https:\\\/\\\/www.antegma.com\\\/de\\\/blog\\\/2023\\\/06\\\/13\\\/meine-erfahrung-beim-adobe-summit-emea-2023-ein-einblick-in-wichtige-innovationen-und-nachhaltigkeit\\\/#breadcrumb\"},\"inLanguage\":\"de\",\"potentialAction\":[{\"@type\":\"ReadAction\",\"target\":[\"https:\\\/\\\/www.antegma.com\\\/de\\\/blog\\\/2023\\\/06\\\/13\\\/meine-erfahrung-beim-adobe-summit-emea-2023-ein-einblick-in-wichtige-innovationen-und-nachhaltigkeit\\\/\"]}]},{\"@type\":\"ImageObject\",\"inLanguage\":\"de\",\"@id\":\"https:\\\/\\\/www.antegma.com\\\/de\\\/blog\\\/2023\\\/06\\\/13\\\/meine-erfahrung-beim-adobe-summit-emea-2023-ein-einblick-in-wichtige-innovationen-und-nachhaltigkeit\\\/#primaryimage\",\"url\":\"https:\\\/\\\/www.antegma.com\\\/wp-content\\\/uploads\\\/2023\\\/06\\\/MicrosoftTeams-image-4-scaled.jpg\",\"contentUrl\":\"https:\\\/\\\/www.antegma.com\\\/wp-content\\\/uploads\\\/2023\\\/06\\\/MicrosoftTeams-image-4-scaled.jpg\",\"width\":2560,\"height\":1920},{\"@type\":\"BreadcrumbList\",\"@id\":\"https:\\\/\\\/www.antegma.com\\\/de\\\/blog\\\/2023\\\/06\\\/13\\\/meine-erfahrung-beim-adobe-summit-emea-2023-ein-einblick-in-wichtige-innovationen-und-nachhaltigkeit\\\/#breadcrumb\",\"itemListElement\":[{\"@type\":\"ListItem\",\"position\":1,\"name\":\"Startseite\",\"item\":\"https:\\\/\\\/www.antegma.com\\\/de\\\/\"},{\"@type\":\"ListItem\",\"position\":2,\"name\":\"Meine Erfahrung beim Adobe Summit EMEA 2023: Ein Einblick in wichtige Innovationen und Nachhaltigkeit\"}]},{\"@type\":\"WebSite\",\"@id\":\"https:\\\/\\\/www.antegma.com\\\/de\\\/#website\",\"url\":\"https:\\\/\\\/www.antegma.com\\\/de\\\/\",\"name\":\"antegma\",\"description\":\"Ihr Partner f\u00fcr die Digitale Transformation\",\"publisher\":{\"@id\":\"https:\\\/\\\/www.antegma.com\\\/de\\\/#organization\"},\"potentialAction\":[{\"@type\":\"SearchAction\",\"target\":{\"@type\":\"EntryPoint\",\"urlTemplate\":\"https:\\\/\\\/www.antegma.com\\\/de\\\/?s={search_term_string}\"},\"query-input\":{\"@type\":\"PropertyValueSpecification\",\"valueRequired\":true,\"valueName\":\"search_term_string\"}}],\"inLanguage\":\"de\"},{\"@type\":\"Organization\",\"@id\":\"https:\\\/\\\/www.antegma.com\\\/de\\\/#organization\",\"name\":\"antegma GmbH\",\"alternateName\":\"antegma\",\"url\":\"https:\\\/\\\/www.antegma.com\\\/de\\\/\",\"logo\":{\"@type\":\"ImageObject\",\"inLanguage\":\"de\",\"@id\":\"https:\\\/\\\/www.antegma.com\\\/de\\\/#\\\/schema\\\/logo\\\/image\\\/\",\"url\":\"https:\\\/\\\/www.antegma.com\\\/wp-content\\\/uploads\\\/2024\\\/11\\\/antegma-logo-white-quadratisch.png\",\"contentUrl\":\"https:\\\/\\\/www.antegma.com\\\/wp-content\\\/uploads\\\/2024\\\/11\\\/antegma-logo-white-quadratisch.png\",\"width\":300,\"height\":300,\"caption\":\"antegma GmbH\"},\"image\":{\"@id\":\"https:\\\/\\\/www.antegma.com\\\/de\\\/#\\\/schema\\\/logo\\\/image\\\/\"},\"sameAs\":[\"https:\\\/\\\/www.facebook.com\\\/antegma\",\"https:\\\/\\\/x.com\\\/antegma\",\"https:\\\/\\\/www.instagram.com\\\/antegma\",\"https:\\\/\\\/www.linkedin.com\\\/company\\\/antegma-gmbh\",\"https:\\\/\\\/www.youtube.com\\\/@antegma\",\"https:\\\/\\\/solutionpartners.adobe.com\\\/s\\\/directory\\\/detail\\\/antegma\",\"https:\\\/\\\/exchange.adobe.com\\\/publisher\\\/ec\\\/2a398941-2c20-49ef-bf6e-b35e902cad15\\\/antegma-gmbh\"],\"description\":\"antegma is specializing in digital transformation consulting and implementation. Based in Germany with offices in Munich and St. Georgen, we help enterprises optimize their content supply chain, work management, digital marketing, digital experience, e-commerce, data & AI, and system integrations. We are partners of Adobe, Canto, Hootsuite, Microsoft, Monday.com.\",\"email\":\"info@antegma.com\",\"telephone\":\"+49 89 55270890\",\"numberOfEmployees\":{\"@type\":\"QuantitativeValue\",\"minValue\":\"11\",\"maxValue\":\"50\"}},{\"@type\":\"Person\",\"@id\":\"https:\\\/\\\/www.antegma.com\\\/de\\\/#\\\/schema\\\/person\\\/32cb71bfe44fa9e5825f176549377516\",\"name\":\"Patrick Heinzelmann\",\"image\":{\"@type\":\"ImageObject\",\"inLanguage\":\"de\",\"@id\":\"https:\\\/\\\/secure.gravatar.com\\\/avatar\\\/e9b1871a77461b8810f27458a0495abdddf081a776464c17b0e9c1bfde34caf6?s=96&d=mm&r=g\",\"url\":\"https:\\\/\\\/secure.gravatar.com\\\/avatar\\\/e9b1871a77461b8810f27458a0495abdddf081a776464c17b0e9c1bfde34caf6?s=96&d=mm&r=g\",\"contentUrl\":\"https:\\\/\\\/secure.gravatar.com\\\/avatar\\\/e9b1871a77461b8810f27458a0495abdddf081a776464c17b0e9c1bfde34caf6?s=96&d=mm&r=g\",\"caption\":\"Patrick Heinzelmann\"},\"description\":\"Founder &amp; CEO of antegma\",\"url\":\"https:\\\/\\\/www.antegma.com\\\/de\\\/blog\\\/author\\\/patrickheinzelmann\\\/\"}]}<\/script>\n<!-- \/ Yoast SEO Premium plugin. -->","yoast_head_json":{"title":"Meine Erfahrung beim Adobe Summit EMEA 2023: Ein Einblick in wichtige Innovationen und Nachhaltigkeit | antegma","description":"Erleben Sie den Adobe Summit EMEA 2023 mit meinen Augen! Entdecken Sie die Innovationen von Adobe und erfahren Sie, wie sie die digitale Landschaft pr\u00e4gen.","robots":{"index":"index","follow":"follow","max-snippet":"max-snippet:-1","max-image-preview":"max-image-preview:large","max-video-preview":"max-video-preview:-1"},"canonical":"https:\/\/www.antegma.com\/de\/blog\/2023\/06\/13\/meine-erfahrung-beim-adobe-summit-emea-2023-ein-einblick-in-wichtige-innovationen-und-nachhaltigkeit\/","og_locale":"de_DE","og_type":"article","og_title":"Meine Erfahrung beim Adobe Summit EMEA 2023: Ein Einblick in wichtige Innovationen und Nachhaltigkeit","og_description":"Ein spannender Start Als ich den Adobe Summit EMEA 2023 betrat, lag Innovation und Aufregung in der Luft. Es war ein bemerkenswerter Start in den Tag, als","og_url":"https:\/\/www.antegma.com\/de\/blog\/2023\/06\/13\/meine-erfahrung-beim-adobe-summit-emea-2023-ein-einblick-in-wichtige-innovationen-und-nachhaltigkeit\/","og_site_name":"antegma","article_publisher":"https:\/\/www.facebook.com\/antegma","article_published_time":"2023-06-13T12:41:20+00:00","article_modified_time":"2024-05-02T09:51:10+00:00","og_image":[{"width":2560,"height":1920,"url":"https:\/\/www.antegma.com\/wp-content\/uploads\/2023\/06\/MicrosoftTeams-image-4-scaled.jpg","type":"image\/jpeg"}],"author":"Patrick Heinzelmann","twitter_card":"summary_large_image","twitter_creator":"@antegma","twitter_site":"@antegma","twitter_misc":{"Verfasst von":"Patrick Heinzelmann","Gesch\u00e4tzte Lesezeit":"4\u00a0Minuten"},"schema":{"@context":"https:\/\/schema.org","@graph":[{"@type":"Article","@id":"https:\/\/www.antegma.com\/de\/blog\/2023\/06\/13\/meine-erfahrung-beim-adobe-summit-emea-2023-ein-einblick-in-wichtige-innovationen-und-nachhaltigkeit\/#article","isPartOf":{"@id":"https:\/\/www.antegma.com\/de\/blog\/2023\/06\/13\/meine-erfahrung-beim-adobe-summit-emea-2023-ein-einblick-in-wichtige-innovationen-und-nachhaltigkeit\/"},"author":{"name":"Patrick Heinzelmann","@id":"https:\/\/www.antegma.com\/de\/#\/schema\/person\/32cb71bfe44fa9e5825f176549377516"},"headline":"Meine Erfahrung beim Adobe Summit EMEA 2023: Ein Einblick in wichtige Innovationen und Nachhaltigkeit","datePublished":"2023-06-13T12:41:20+00:00","dateModified":"2024-05-02T09:51:10+00:00","mainEntityOfPage":{"@id":"https:\/\/www.antegma.com\/de\/blog\/2023\/06\/13\/meine-erfahrung-beim-adobe-summit-emea-2023-ein-einblick-in-wichtige-innovationen-und-nachhaltigkeit\/"},"wordCount":824,"commentCount":0,"publisher":{"@id":"https:\/\/www.antegma.com\/de\/#organization"},"image":{"@id":"https:\/\/www.antegma.com\/de\/blog\/2023\/06\/13\/meine-erfahrung-beim-adobe-summit-emea-2023-ein-einblick-in-wichtige-innovationen-und-nachhaltigkeit\/#primaryimage"},"thumbnailUrl":"https:\/\/www.antegma.com\/wp-content\/uploads\/2023\/06\/MicrosoftTeams-image-4-scaled.jpg","articleSection":["Conference","Uncategorized"],"inLanguage":"de","potentialAction":[{"@type":"CommentAction","name":"Comment","target":["https:\/\/www.antegma.com\/de\/blog\/2023\/06\/13\/meine-erfahrung-beim-adobe-summit-emea-2023-ein-einblick-in-wichtige-innovationen-und-nachhaltigkeit\/#respond"]}]},{"@type":"WebPage","@id":"https:\/\/www.antegma.com\/de\/blog\/2023\/06\/13\/meine-erfahrung-beim-adobe-summit-emea-2023-ein-einblick-in-wichtige-innovationen-und-nachhaltigkeit\/","url":"https:\/\/www.antegma.com\/de\/blog\/2023\/06\/13\/meine-erfahrung-beim-adobe-summit-emea-2023-ein-einblick-in-wichtige-innovationen-und-nachhaltigkeit\/","name":"Meine Erfahrung beim Adobe Summit EMEA 2023: Ein Einblick in wichtige Innovationen und Nachhaltigkeit | antegma","isPartOf":{"@id":"https:\/\/www.antegma.com\/de\/#website"},"primaryImageOfPage":{"@id":"https:\/\/www.antegma.com\/de\/blog\/2023\/06\/13\/meine-erfahrung-beim-adobe-summit-emea-2023-ein-einblick-in-wichtige-innovationen-und-nachhaltigkeit\/#primaryimage"},"image":{"@id":"https:\/\/www.antegma.com\/de\/blog\/2023\/06\/13\/meine-erfahrung-beim-adobe-summit-emea-2023-ein-einblick-in-wichtige-innovationen-und-nachhaltigkeit\/#primaryimage"},"thumbnailUrl":"https:\/\/www.antegma.com\/wp-content\/uploads\/2023\/06\/MicrosoftTeams-image-4-scaled.jpg","datePublished":"2023-06-13T12:41:20+00:00","dateModified":"2024-05-02T09:51:10+00:00","description":"Erleben Sie den Adobe Summit EMEA 2023 mit meinen Augen! Entdecken Sie die Innovationen von Adobe und erfahren Sie, wie sie die digitale Landschaft pr\u00e4gen.","breadcrumb":{"@id":"https:\/\/www.antegma.com\/de\/blog\/2023\/06\/13\/meine-erfahrung-beim-adobe-summit-emea-2023-ein-einblick-in-wichtige-innovationen-und-nachhaltigkeit\/#breadcrumb"},"inLanguage":"de","potentialAction":[{"@type":"ReadAction","target":["https:\/\/www.antegma.com\/de\/blog\/2023\/06\/13\/meine-erfahrung-beim-adobe-summit-emea-2023-ein-einblick-in-wichtige-innovationen-und-nachhaltigkeit\/"]}]},{"@type":"ImageObject","inLanguage":"de","@id":"https:\/\/www.antegma.com\/de\/blog\/2023\/06\/13\/meine-erfahrung-beim-adobe-summit-emea-2023-ein-einblick-in-wichtige-innovationen-und-nachhaltigkeit\/#primaryimage","url":"https:\/\/www.antegma.com\/wp-content\/uploads\/2023\/06\/MicrosoftTeams-image-4-scaled.jpg","contentUrl":"https:\/\/www.antegma.com\/wp-content\/uploads\/2023\/06\/MicrosoftTeams-image-4-scaled.jpg","width":2560,"height":1920},{"@type":"BreadcrumbList","@id":"https:\/\/www.antegma.com\/de\/blog\/2023\/06\/13\/meine-erfahrung-beim-adobe-summit-emea-2023-ein-einblick-in-wichtige-innovationen-und-nachhaltigkeit\/#breadcrumb","itemListElement":[{"@type":"ListItem","position":1,"name":"Startseite","item":"https:\/\/www.antegma.com\/de\/"},{"@type":"ListItem","position":2,"name":"Meine Erfahrung beim Adobe Summit EMEA 2023: Ein Einblick in wichtige Innovationen und Nachhaltigkeit"}]},{"@type":"WebSite","@id":"https:\/\/www.antegma.com\/de\/#website","url":"https:\/\/www.antegma.com\/de\/","name":"antegma","description":"Ihr Partner f\u00fcr die Digitale Transformation","publisher":{"@id":"https:\/\/www.antegma.com\/de\/#organization"},"potentialAction":[{"@type":"SearchAction","target":{"@type":"EntryPoint","urlTemplate":"https:\/\/www.antegma.com\/de\/?s={search_term_string}"},"query-input":{"@type":"PropertyValueSpecification","valueRequired":true,"valueName":"search_term_string"}}],"inLanguage":"de"},{"@type":"Organization","@id":"https:\/\/www.antegma.com\/de\/#organization","name":"antegma GmbH","alternateName":"antegma","url":"https:\/\/www.antegma.com\/de\/","logo":{"@type":"ImageObject","inLanguage":"de","@id":"https:\/\/www.antegma.com\/de\/#\/schema\/logo\/image\/","url":"https:\/\/www.antegma.com\/wp-content\/uploads\/2024\/11\/antegma-logo-white-quadratisch.png","contentUrl":"https:\/\/www.antegma.com\/wp-content\/uploads\/2024\/11\/antegma-logo-white-quadratisch.png","width":300,"height":300,"caption":"antegma GmbH"},"image":{"@id":"https:\/\/www.antegma.com\/de\/#\/schema\/logo\/image\/"},"sameAs":["https:\/\/www.facebook.com\/antegma","https:\/\/x.com\/antegma","https:\/\/www.instagram.com\/antegma","https:\/\/www.linkedin.com\/company\/antegma-gmbh","https:\/\/www.youtube.com\/@antegma","https:\/\/solutionpartners.adobe.com\/s\/directory\/detail\/antegma","https:\/\/exchange.adobe.com\/publisher\/ec\/2a398941-2c20-49ef-bf6e-b35e902cad15\/antegma-gmbh"],"description":"antegma is specializing in digital transformation consulting and implementation. Based in Germany with offices in Munich and St. Georgen, we help enterprises optimize their content supply chain, work management, digital marketing, digital experience, e-commerce, data & AI, and system integrations. We are partners of Adobe, Canto, Hootsuite, Microsoft, Monday.com.","email":"info@antegma.com","telephone":"+49 89 55270890","numberOfEmployees":{"@type":"QuantitativeValue","minValue":"11","maxValue":"50"}},{"@type":"Person","@id":"https:\/\/www.antegma.com\/de\/#\/schema\/person\/32cb71bfe44fa9e5825f176549377516","name":"Patrick Heinzelmann","image":{"@type":"ImageObject","inLanguage":"de","@id":"https:\/\/secure.gravatar.com\/avatar\/e9b1871a77461b8810f27458a0495abdddf081a776464c17b0e9c1bfde34caf6?s=96&d=mm&r=g","url":"https:\/\/secure.gravatar.com\/avatar\/e9b1871a77461b8810f27458a0495abdddf081a776464c17b0e9c1bfde34caf6?s=96&d=mm&r=g","contentUrl":"https:\/\/secure.gravatar.com\/avatar\/e9b1871a77461b8810f27458a0495abdddf081a776464c17b0e9c1bfde34caf6?s=96&d=mm&r=g","caption":"Patrick Heinzelmann"},"description":"Founder &amp; CEO of antegma","url":"https:\/\/www.antegma.com\/de\/blog\/author\/patrickheinzelmann\/"}]}},"_links":{"self":[{"href":"https:\/\/www.antegma.com\/de\/wp-json\/wp\/v2\/posts\/9396","targetHints":{"allow":["GET"]}}],"collection":[{"href":"https:\/\/www.antegma.com\/de\/wp-json\/wp\/v2\/posts"}],"about":[{"href":"https:\/\/www.antegma.com\/de\/wp-json\/wp\/v2\/types\/post"}],"author":[{"embeddable":true,"href":"https:\/\/www.antegma.com\/de\/wp-json\/wp\/v2\/users\/2"}],"replies":[{"embeddable":true,"href":"https:\/\/www.antegma.com\/de\/wp-json\/wp\/v2\/comments?post=9396"}],"version-history":[{"count":0,"href":"https:\/\/www.antegma.com\/de\/wp-json\/wp\/v2\/posts\/9396\/revisions"}],"wp:featuredmedia":[{"embeddable":true,"href":"https:\/\/www.antegma.com\/de\/wp-json\/wp\/v2\/media\/9388"}],"wp:attachment":[{"href":"https:\/\/www.antegma.com\/de\/wp-json\/wp\/v2\/media?parent=9396"}],"wp:term":[{"taxonomy":"category","embeddable":true,"href":"https:\/\/www.antegma.com\/de\/wp-json\/wp\/v2\/categories?post=9396"},{"taxonomy":"post_tag","embeddable":true,"href":"https:\/\/www.antegma.com\/de\/wp-json\/wp\/v2\/tags?post=9396"}],"curies":[{"name":"wp","href":"https:\/\/api.w.org\/{rel}","templated":true}]}}